{"id":23363,"date":"2013-12-29T00:01:48","date_gmt":"2013-12-28T22:01:48","guid":{"rendered":"https:\/\/michalszpak.eu\/2013\/12\/29\/michal-in-the-opera-version-29-12-2013\/"},"modified":"2018-03-20T19:34:59","modified_gmt":"2018-03-20T17:34:59","slug":"michal-in-the-opera-version-29-12-2013","status":"publish","type":"post","link":"https:\/\/michalszpak.eu\/en\/2013\/12\/29\/michal-in-the-opera-version-29-12-2013\/","title":{"rendered":"Micha\u0142 in an opera &#8221;version&#8221; &#8211; 29.12.2013"},"content":{"rendered":"<p>Szpak enchanted Zielona G\u00f3ra for the second time. He received a thunderous applause for the unusual interpretation of \u00a0two pastorals. He also received a statuette of Lubuski (name of a city) Angel Of The Year for supporting an action &#8220;It is worth to help&#8221;. There is nothing better than a combination of talent and a heart, after all\u00a0 \ud83d\ude42<\/p>\n<p>&nbsp;<\/p>\n<p style=\"text-align: center;\"><img fetchpriority=\"high\" decoding=\"async\" class=\"aligncenter wp-image-4399\" src=\"https:\/\/michalszpak.eu\/wp-content\/uploads\/2014\/03\/News_Michal-w-operowej-odslonie_02.png\" alt=\"News_Michal w operowej odslonie_02\" width=\"295\" height=\"385\" srcset=\"https:\/\/michalszpak.eu\/wp-content\/uploads\/2014\/03\/News_Michal-w-operowej-odslonie_02.png 491w, https:\/\/michalszpak.eu\/wp-content\/uploads\/2014\/03\/News_Michal-w-operowej-odslonie_02-229x300.png 229w\" sizes=\"(max-width: 295px) 100vw, 295px\" \/><\/p>\n<p>That day, among the huge audience gathered in the Lubuski Theater, there were also admirers of Micha\u0142&#8217;s talent. As it was spotted by a portal Gazeta.pl\u00a0<a href=\"http:\/\/gorzow.gazeta.pl\/gorzow\/1,36844,15199592,Pomagaj__Nigdy_nie_wiesz__co_cie_spotka_w_zyciu.html#ixzz2ouP0kxym\" target=\"_blank\" rel=\"noopener\">gorzowski oddzia\u0142 portalu Gazeta.pl<\/a>:<\/p>\n<p>&nbsp;<\/p>\n<p><em>A group of several dozen fans of Micha\u0142 Szpak came to Zielona G\u00f3ra \u2013 he is a singer with an \u00a0incredible talent, constantly surprising with his controversial stage incarnations.<\/em><\/p>\n<p>&nbsp;<\/p>\n<p>And indeed, the Artist, once again, surprised and moved &#8211; above all vocally, choosing a bit less popular and yet very ambitious repertoire\u00a0http:\/\/reachhighershasta.com\/cheap\/ . The original version of the songs &#8220;W kropki zielone&#8221; and &#8220;Piosenki tej s\u0142uchajcie&#8221; was performed by Ewa Ma\u0142as-Godlewska with Grzegorz Turnau. We invite you to watch the video from the concert, you have to see it.<\/p>\n<p>&nbsp;<\/p>\n<p>&nbsp;<\/p>\n<p><iframe width=\"900\" height=\"506\" src=\"https:\/\/www.youtube.com\/embed\/XyxHRJEgU9M?feature=oembed\" frameborder=\"0\" allow=\"autoplay; encrypted-media\" allowfullscreen><\/iframe><\/p>\n<p>We also have a recording from the rehearsal:<\/p>\n<p><iframe width=\"900\" height=\"506\" src=\"https:\/\/www.youtube.com\/embed\/lhRYvcoD2lo?feature=oembed\" frameborder=\"0\" allow=\"autoplay; encrypted-media\" allowfullscreen><\/iframe><\/p>\n<p>A oto ca\u0142o\u015b\u0107 wywiadu udzielonego przez Micha\u0142a dla oddzia\u0142u TVP w Gorzowie Wielkopolskim:<\/p>\n<p><iframe width=\"900\" height=\"506\" src=\"https:\/\/www.youtube.com\/embed\/sP9UFQS3hF4?feature=oembed\" frameborder=\"0\" allow=\"autoplay; encrypted-media\" allowfullscreen><\/iframe><br \/>\nAnd a few links for you regarding the Christmas carol concert:<\/p>\n<p>Micha\u0142&#8217;s words in\u00a0\u00a0<a href=\"http:\/\/rzg.pl\/radio-zielona-gora\/gardias-szpak-jenek-huszcza-zaspiewali-dla-cypriana-janczewskiego\/\" target=\"_blank\" rel=\"noopener\">Radia Zielona G\u00f3ra<\/a>.<br \/>\nA photo gallery from the performance: <a href=\"http:\/\/zielonagora.gazeta.pl\/zielonagora\/51,35182,15197917.html?i=38\" target=\"_blank\" rel=\"noopener\">Zielonagora.gazeta.pl<\/a>, <a href=\"http:\/\/www.gazetalubuska.pl\/apps\/pbcs.dll\/article?AID=%2F20131228%2FPOWIAT16%2F131229538&amp;sectioncat=photostory29\" target=\"_blank\" rel=\"noopener\">Gazetalubuska.pl<\/a><br \/>\nA report in\u00a0<a href=\"http:\/\/dziendobry.tvn.pl\/wideo,2064,n\/gwiazdy-tvn-w-koledowym-repertuarze,109983.html\" target=\"_blank\" rel=\"noopener\">Dzie\u0144 Dobry TVN<\/a>\u00a0and in\u00a0<a href=\" http:\/\/www.tvp.pl\/gorzow-wielkopolski\/aktualnosci\/spoleczne\/warto-jest-pomagac-to-akcja-charytatywna-dla-malego-cyprianka-jakie-emocje-wzbudzil-final\/13473863\" target=\"_blank\" rel=\"noopener\">Telewizji Polskiej<\/a><\/p>\n<p>It is worth mentioning that this unforgettable evening ended with a nice gesture from Micha\u0142 for the Fans who came to the theatre\u00a0<a href=\"http:\/\/best1cleaning.com\/discount\/\">here<\/a> that day to listen to him. Despite it being very late, the vocalist met them at the Essenza restaurant, \u00a0near the concert venue\u00a0 \ud83d\ude42<\/p>\n<p>&nbsp;<\/p>\n<p>&nbsp;<\/p>\n<h3>Related Images:<\/h3>","protected":false},"excerpt":{"rendered":"<p>Szpak enchanted Zielona G\u00f3ra for the second time. He received a thunderous applause for the unusual interpretation of \u00a0two pastorals. He also received a statuette of Lubuski (name of a city) Angel Of The Year for supporting an action &#8220;It&#8230;<\/p>\n","protected":false},"author":13556,"featured_media":15451,"comment_status":"closed","ping_status":"closed","sticky":false,"template":"","format":"standard","meta":{"ngg_post_thumbnail":0,"footnotes":""},"categories":[617,626],"tags":[],"class_list":["post-23363","post","type-post","status-publish","format-standard","has-post-thumbnail","hentry","category-news","category-ofc-concert-material"],"yoast_head":"<!-- This site is optimized with the Yoast SEO Premium plugin v21.0 (Yoast SEO v27.3) - https:\/\/yoast.com\/product\/yoast-seo-premium-wordpress\/ -->\n<title>Micha\u0142 in an opera &#039;&#039;version&#039;&#039; - 29.12.2013 - Oficjalny Fan Club Micha\u0142a Szpaka<\/title>\n<meta name=\"robots\" content=\"index, follow, max-snippet:-1, max-image-preview:large, max-video-preview:-1\" \/>\n<link rel=\"canonical\" href=\"https:\/\/michalszpak.eu\/en\/2013\/12\/29\/michal-in-the-opera-version-29-12-2013\/\" \/>\n<meta property=\"og:locale\" content=\"en_US\" \/>\n<meta property=\"og:type\" content=\"article\" \/>\n<meta property=\"og:title\" content=\"Micha\u0142 in an opera &#039;&#039;version&#039;&#039; - 29.12.2013\" \/>\n<meta property=\"og:description\" content=\"Szpak enchanted Zielona G\u00f3ra for the second time. He received a thunderous applause for the unusual interpretation of \u00a0two pastorals. He also received a statuette of Lubuski (name of a city) Angel Of The Year for supporting an action &#8220;It...\" \/>\n<meta property=\"og:url\" content=\"https:\/\/michalszpak.eu\/en\/2013\/12\/29\/michal-in-the-opera-version-29-12-2013\/\" \/>\n<meta property=\"og:site_name\" content=\"Oficjalny Fan Club Micha\u0142a Szpaka\" \/>\n<meta property=\"article:publisher\" content=\"https:\/\/www.facebook.com\/michalszpakorg\" \/>\n<meta property=\"article:published_time\" content=\"2013-12-28T22:01:48+00:00\" \/>\n<meta property=\"article:modified_time\" content=\"2018-03-20T17:34:59+00:00\" \/>\n<meta property=\"og:image\" content=\"https:\/\/michalszpak.eu\/wp-content\/uploads\/2014\/03\/News_Michal-w-operowej-odslonie.png\" \/>\n\t<meta property=\"og:image:width\" content=\"459\" \/>\n\t<meta property=\"og:image:height\" content=\"459\" \/>\n\t<meta property=\"og:image:type\" content=\"image\/png\" \/>\n<meta name=\"author\" content=\"Gaba\" \/>\n<meta name=\"twitter:card\" content=\"summary_large_image\" \/>\n<meta name=\"twitter:label1\" content=\"Written by\" \/>\n\t<meta name=\"twitter:data1\" content=\"Gaba\" \/>\n\t<meta name=\"twitter:label2\" content=\"Est. reading time\" \/>\n\t<meta name=\"twitter:data2\" content=\"2 minutes\" \/>\n<script type=\"application\/ld+json\" class=\"yoast-schema-graph\">{\"@context\":\"https:\\\/\\\/schema.org\",\"@graph\":[{\"@type\":\"Article\",\"@id\":\"https:\\\/\\\/michalszpak.eu\\\/en\\\/2013\\\/12\\\/29\\\/michal-in-the-opera-version-29-12-2013\\\/#article\",\"isPartOf\":{\"@id\":\"https:\\\/\\\/michalszpak.eu\\\/en\\\/2013\\\/12\\\/29\\\/michal-in-the-opera-version-29-12-2013\\\/\"},\"author\":{\"name\":\"Gaba\",\"@id\":\"https:\\\/\\\/michalszpak.eu\\\/en\\\/#\\\/schema\\\/person\\\/d388e906b1458ebd6360d823cf3ec290\"},\"headline\":\"Micha\u0142 in an opera &#8221;version&#8221; &#8211; 29.12.2013\",\"datePublished\":\"2013-12-28T22:01:48+00:00\",\"dateModified\":\"2018-03-20T17:34:59+00:00\",\"mainEntityOfPage\":{\"@id\":\"https:\\\/\\\/michalszpak.eu\\\/en\\\/2013\\\/12\\\/29\\\/michal-in-the-opera-version-29-12-2013\\\/\"},\"wordCount\":337,\"image\":{\"@id\":\"https:\\\/\\\/michalszpak.eu\\\/en\\\/2013\\\/12\\\/29\\\/michal-in-the-opera-version-29-12-2013\\\/#primaryimage\"},\"thumbnailUrl\":\"https:\\\/\\\/michalszpak.eu\\\/wp-content\\\/uploads\\\/2014\\\/03\\\/News_Michal-w-operowej-odslonie.png\",\"articleSection\":[\"News\",\"OFC Materials Concerts\"],\"inLanguage\":\"en-US\"},{\"@type\":\"WebPage\",\"@id\":\"https:\\\/\\\/michalszpak.eu\\\/en\\\/2013\\\/12\\\/29\\\/michal-in-the-opera-version-29-12-2013\\\/\",\"url\":\"https:\\\/\\\/michalszpak.eu\\\/en\\\/2013\\\/12\\\/29\\\/michal-in-the-opera-version-29-12-2013\\\/\",\"name\":\"Micha\u0142 in an opera ''version'' - 29.12.2013 - Oficjalny Fan Club Micha\u0142a Szpaka\",\"isPartOf\":{\"@id\":\"https:\\\/\\\/michalszpak.eu\\\/en\\\/#website\"},\"primaryImageOfPage\":{\"@id\":\"https:\\\/\\\/michalszpak.eu\\\/en\\\/2013\\\/12\\\/29\\\/michal-in-the-opera-version-29-12-2013\\\/#primaryimage\"},\"image\":{\"@id\":\"https:\\\/\\\/michalszpak.eu\\\/en\\\/2013\\\/12\\\/29\\\/michal-in-the-opera-version-29-12-2013\\\/#primaryimage\"},\"thumbnailUrl\":\"https:\\\/\\\/michalszpak.eu\\\/wp-content\\\/uploads\\\/2014\\\/03\\\/News_Michal-w-operowej-odslonie.png\",\"datePublished\":\"2013-12-28T22:01:48+00:00\",\"dateModified\":\"2018-03-20T17:34:59+00:00\",\"author\":{\"@id\":\"https:\\\/\\\/michalszpak.eu\\\/en\\\/#\\\/schema\\\/person\\\/d388e906b1458ebd6360d823cf3ec290\"},\"breadcrumb\":{\"@id\":\"https:\\\/\\\/michalszpak.eu\\\/en\\\/2013\\\/12\\\/29\\\/michal-in-the-opera-version-29-12-2013\\\/#breadcrumb\"},\"inLanguage\":\"en-US\",\"potentialAction\":[{\"@type\":\"ReadAction\",\"target\":[\"https:\\\/\\\/michalszpak.eu\\\/en\\\/2013\\\/12\\\/29\\\/michal-in-the-opera-version-29-12-2013\\\/\"]}]},{\"@type\":\"ImageObject\",\"inLanguage\":\"en-US\",\"@id\":\"https:\\\/\\\/michalszpak.eu\\\/en\\\/2013\\\/12\\\/29\\\/michal-in-the-opera-version-29-12-2013\\\/#primaryimage\",\"url\":\"https:\\\/\\\/michalszpak.eu\\\/wp-content\\\/uploads\\\/2014\\\/03\\\/News_Michal-w-operowej-odslonie.png\",\"contentUrl\":\"https:\\\/\\\/michalszpak.eu\\\/wp-content\\\/uploads\\\/2014\\\/03\\\/News_Michal-w-operowej-odslonie.png\",\"width\":459,\"height\":459},{\"@type\":\"BreadcrumbList\",\"@id\":\"https:\\\/\\\/michalszpak.eu\\\/en\\\/2013\\\/12\\\/29\\\/michal-in-the-opera-version-29-12-2013\\\/#breadcrumb\",\"itemListElement\":[{\"@type\":\"ListItem\",\"position\":1,\"name\":\"Home\",\"item\":\"https:\\\/\\\/michalszpak.eu\\\/en\\\/ms-2-2-2\\\/\"},{\"@type\":\"ListItem\",\"position\":2,\"name\":\"Micha\u0142 in an opera &#8221;version&#8221; &#8211; 29.12.2013\"}]},{\"@type\":\"WebSite\",\"@id\":\"https:\\\/\\\/michalszpak.eu\\\/en\\\/#website\",\"url\":\"https:\\\/\\\/michalszpak.eu\\\/en\\\/\",\"name\":\"Oficjalny Fan Club Micha\u0142a Szpaka\",\"description\":\"Strona Stowarzyszenia Oficjalny Fan Club Micha\u0142a Szpaka\",\"potentialAction\":[{\"@type\":\"SearchAction\",\"target\":{\"@type\":\"EntryPoint\",\"urlTemplate\":\"https:\\\/\\\/michalszpak.eu\\\/en\\\/?s={search_term_string}\"},\"query-input\":{\"@type\":\"PropertyValueSpecification\",\"valueRequired\":true,\"valueName\":\"search_term_string\"}}],\"inLanguage\":\"en-US\"},{\"@type\":\"Person\",\"@id\":\"https:\\\/\\\/michalszpak.eu\\\/en\\\/#\\\/schema\\\/person\\\/d388e906b1458ebd6360d823cf3ec290\",\"name\":\"Gaba\",\"image\":{\"@type\":\"ImageObject\",\"inLanguage\":\"en-US\",\"@id\":\"https:\\\/\\\/secure.gravatar.com\\\/avatar\\\/8f4131f12b7d2c132ecc91d735eee55f6299d2b55f61a027e8558d68b373c326?s=96&d=mm&r=g\",\"url\":\"https:\\\/\\\/secure.gravatar.com\\\/avatar\\\/8f4131f12b7d2c132ecc91d735eee55f6299d2b55f61a027e8558d68b373c326?s=96&d=mm&r=g\",\"contentUrl\":\"https:\\\/\\\/secure.gravatar.com\\\/avatar\\\/8f4131f12b7d2c132ecc91d735eee55f6299d2b55f61a027e8558d68b373c326?s=96&d=mm&r=g\",\"caption\":\"Gaba\"},\"url\":\"https:\\\/\\\/michalszpak.eu\\\/en\\\/author\\\/s-gaba\\\/\"}]}<\/script>\n<!-- \/ Yoast SEO Premium plugin. -->","yoast_head_json":{"title":"Micha\u0142 in an opera ''version'' - 29.12.2013 - Oficjalny Fan Club Micha\u0142a Szpaka","robots":{"index":"index","follow":"follow","max-snippet":"max-snippet:-1","max-image-preview":"max-image-preview:large","max-video-preview":"max-video-preview:-1"},"canonical":"https:\/\/michalszpak.eu\/en\/2013\/12\/29\/michal-in-the-opera-version-29-12-2013\/","og_locale":"en_US","og_type":"article","og_title":"Micha\u0142 in an opera ''version'' - 29.12.2013","og_description":"Szpak enchanted Zielona G\u00f3ra for the second time. He received a thunderous applause for the unusual interpretation of \u00a0two pastorals. He also received a statuette of Lubuski (name of a city) Angel Of The Year for supporting an action &#8220;It...","og_url":"https:\/\/michalszpak.eu\/en\/2013\/12\/29\/michal-in-the-opera-version-29-12-2013\/","og_site_name":"Oficjalny Fan Club Micha\u0142a Szpaka","article_publisher":"https:\/\/www.facebook.com\/michalszpakorg","article_published_time":"2013-12-28T22:01:48+00:00","article_modified_time":"2018-03-20T17:34:59+00:00","og_image":[{"width":459,"height":459,"url":"https:\/\/michalszpak.eu\/wp-content\/uploads\/2014\/03\/News_Michal-w-operowej-odslonie.png","type":"image\/png"}],"author":"Gaba","twitter_card":"summary_large_image","twitter_misc":{"Written by":"Gaba","Est. reading time":"2 minutes"},"schema":{"@context":"https:\/\/schema.org","@graph":[{"@type":"Article","@id":"https:\/\/michalszpak.eu\/en\/2013\/12\/29\/michal-in-the-opera-version-29-12-2013\/#article","isPartOf":{"@id":"https:\/\/michalszpak.eu\/en\/2013\/12\/29\/michal-in-the-opera-version-29-12-2013\/"},"author":{"name":"Gaba","@id":"https:\/\/michalszpak.eu\/en\/#\/schema\/person\/d388e906b1458ebd6360d823cf3ec290"},"headline":"Micha\u0142 in an opera &#8221;version&#8221; &#8211; 29.12.2013","datePublished":"2013-12-28T22:01:48+00:00","dateModified":"2018-03-20T17:34:59+00:00","mainEntityOfPage":{"@id":"https:\/\/michalszpak.eu\/en\/2013\/12\/29\/michal-in-the-opera-version-29-12-2013\/"},"wordCount":337,"image":{"@id":"https:\/\/michalszpak.eu\/en\/2013\/12\/29\/michal-in-the-opera-version-29-12-2013\/#primaryimage"},"thumbnailUrl":"https:\/\/michalszpak.eu\/wp-content\/uploads\/2014\/03\/News_Michal-w-operowej-odslonie.png","articleSection":["News","OFC Materials Concerts"],"inLanguage":"en-US"},{"@type":"WebPage","@id":"https:\/\/michalszpak.eu\/en\/2013\/12\/29\/michal-in-the-opera-version-29-12-2013\/","url":"https:\/\/michalszpak.eu\/en\/2013\/12\/29\/michal-in-the-opera-version-29-12-2013\/","name":"Micha\u0142 in an opera ''version'' - 29.12.2013 - Oficjalny Fan Club Micha\u0142a Szpaka","isPartOf":{"@id":"https:\/\/michalszpak.eu\/en\/#website"},"primaryImageOfPage":{"@id":"https:\/\/michalszpak.eu\/en\/2013\/12\/29\/michal-in-the-opera-version-29-12-2013\/#primaryimage"},"image":{"@id":"https:\/\/michalszpak.eu\/en\/2013\/12\/29\/michal-in-the-opera-version-29-12-2013\/#primaryimage"},"thumbnailUrl":"https:\/\/michalszpak.eu\/wp-content\/uploads\/2014\/03\/News_Michal-w-operowej-odslonie.png","datePublished":"2013-12-28T22:01:48+00:00","dateModified":"2018-03-20T17:34:59+00:00","author":{"@id":"https:\/\/michalszpak.eu\/en\/#\/schema\/person\/d388e906b1458ebd6360d823cf3ec290"},"breadcrumb":{"@id":"https:\/\/michalszpak.eu\/en\/2013\/12\/29\/michal-in-the-opera-version-29-12-2013\/#breadcrumb"},"inLanguage":"en-US","potentialAction":[{"@type":"ReadAction","target":["https:\/\/michalszpak.eu\/en\/2013\/12\/29\/michal-in-the-opera-version-29-12-2013\/"]}]},{"@type":"ImageObject","inLanguage":"en-US","@id":"https:\/\/michalszpak.eu\/en\/2013\/12\/29\/michal-in-the-opera-version-29-12-2013\/#primaryimage","url":"https:\/\/michalszpak.eu\/wp-content\/uploads\/2014\/03\/News_Michal-w-operowej-odslonie.png","contentUrl":"https:\/\/michalszpak.eu\/wp-content\/uploads\/2014\/03\/News_Michal-w-operowej-odslonie.png","width":459,"height":459},{"@type":"BreadcrumbList","@id":"https:\/\/michalszpak.eu\/en\/2013\/12\/29\/michal-in-the-opera-version-29-12-2013\/#breadcrumb","itemListElement":[{"@type":"ListItem","position":1,"name":"Home","item":"https:\/\/michalszpak.eu\/en\/ms-2-2-2\/"},{"@type":"ListItem","position":2,"name":"Micha\u0142 in an opera &#8221;version&#8221; &#8211; 29.12.2013"}]},{"@type":"WebSite","@id":"https:\/\/michalszpak.eu\/en\/#website","url":"https:\/\/michalszpak.eu\/en\/","name":"Oficjalny Fan Club Micha\u0142a Szpaka","description":"Strona Stowarzyszenia Oficjalny Fan Club Micha\u0142a Szpaka","potentialAction":[{"@type":"SearchAction","target":{"@type":"EntryPoint","urlTemplate":"https:\/\/michalszpak.eu\/en\/?s={search_term_string}"},"query-input":{"@type":"PropertyValueSpecification","valueRequired":true,"valueName":"search_term_string"}}],"inLanguage":"en-US"},{"@type":"Person","@id":"https:\/\/michalszpak.eu\/en\/#\/schema\/person\/d388e906b1458ebd6360d823cf3ec290","name":"Gaba","image":{"@type":"ImageObject","inLanguage":"en-US","@id":"https:\/\/secure.gravatar.com\/avatar\/8f4131f12b7d2c132ecc91d735eee55f6299d2b55f61a027e8558d68b373c326?s=96&d=mm&r=g","url":"https:\/\/secure.gravatar.com\/avatar\/8f4131f12b7d2c132ecc91d735eee55f6299d2b55f61a027e8558d68b373c326?s=96&d=mm&r=g","contentUrl":"https:\/\/secure.gravatar.com\/avatar\/8f4131f12b7d2c132ecc91d735eee55f6299d2b55f61a027e8558d68b373c326?s=96&d=mm&r=g","caption":"Gaba"},"url":"https:\/\/michalszpak.eu\/en\/author\/s-gaba\/"}]}},"jetpack_featured_media_url":"https:\/\/michalszpak.eu\/wp-content\/uploads\/2014\/03\/News_Michal-w-operowej-odslonie.png","_links":{"self":[{"href":"https:\/\/michalszpak.eu\/en\/wp-json\/wp\/v2\/posts\/23363","targetHints":{"allow":["GET"]}}],"collection":[{"href":"https:\/\/michalszpak.eu\/en\/wp-json\/wp\/v2\/posts"}],"about":[{"href":"https:\/\/michalszpak.eu\/en\/wp-json\/wp\/v2\/types\/post"}],"author":[{"embeddable":true,"href":"https:\/\/michalszpak.eu\/en\/wp-json\/wp\/v2\/users\/13556"}],"replies":[{"embeddable":true,"href":"https:\/\/michalszpak.eu\/en\/wp-json\/wp\/v2\/comments?post=23363"}],"version-history":[{"count":2,"href":"https:\/\/michalszpak.eu\/en\/wp-json\/wp\/v2\/posts\/23363\/revisions"}],"predecessor-version":[{"id":23365,"href":"https:\/\/michalszpak.eu\/en\/wp-json\/wp\/v2\/posts\/23363\/revisions\/23365"}],"wp:featuredmedia":[{"embeddable":true,"href":"https:\/\/michalszpak.eu\/en\/wp-json\/wp\/v2\/media\/15451"}],"wp:attachment":[{"href":"https:\/\/michalszpak.eu\/en\/wp-json\/wp\/v2\/media?parent=23363"}],"wp:term":[{"taxonomy":"category","embeddable":true,"href":"https:\/\/michalszpak.eu\/en\/wp-json\/wp\/v2\/categories?post=23363"},{"taxonomy":"post_tag","embeddable":true,"href":"https:\/\/michalszpak.eu\/en\/wp-json\/wp\/v2\/tags?post=23363"}],"curies":[{"name":"wp","href":"https:\/\/api.w.org\/{rel}","templated":true}]}}