{"id":20304,"date":"2015-05-15T23:05:11","date_gmt":"2015-05-15T21:05:11","guid":{"rendered":"https:\/\/michalszpak.eu\/2015\/05\/15\/a-premiere-of-real-hero-in-tvp\/"},"modified":"2018-05-14T21:34:29","modified_gmt":"2018-05-14T19:34:29","slug":"a-premiere-of-real-hero-in-tvp","status":"publish","type":"post","link":"https:\/\/michalszpak.eu\/en\/2015\/05\/15\/a-premiere-of-real-hero-in-tvp\/","title":{"rendered":"A premiere of &#8220;Real Hero&#8221; in TVP &#8211; 15.05.2015"},"content":{"rendered":"<p>If you missed the performance of Micha\u0142 in a program &#8220;\u015awiat si\u0119 kr\u0119ci&#8221;, you can see it here:\u00a0<a href=\"http:\/\/vod.tvp.pl\/audycje\/rozrywka\/swiat-sie-kreci\/wideo\/15052015\/19804821\" target=\"_blank\" rel=\"noopener\">ca\u0142ego dzisiejszego odcinka<\/a>. You can hear &#8220;Real Hero&#8221; from around 37:20 min, enjoy. Stay alert because the Artist will be a guest in TVP very soon again!\u00a0 \ud83d\ude42<\/p>\n<p>And today&#8217;s look &#8211; an elegant version of\u00a0 Szpak, or we can say: classic.<\/p>\n<p>&nbsp;<\/p>\n<p style=\"text-align: center;\"><img fetchpriority=\"high\" decoding=\"async\" class=\"aligncenter wp-image-5453\" src=\"https:\/\/michalszpak.eu\/wp-content\/uploads\/2015\/07\/News_Real-Hero-premierowo-w-TVP_02.png\" alt=\"News_Real Hero premierowo w TVP_02\" width=\"400\" height=\"596\" srcset=\"https:\/\/michalszpak.eu\/wp-content\/uploads\/2015\/07\/News_Real-Hero-premierowo-w-TVP_02.png 815w, https:\/\/michalszpak.eu\/wp-content\/uploads\/2015\/07\/News_Real-Hero-premierowo-w-TVP_02-600x896.png 600w\" sizes=\"(max-width: 400px) 100vw, 400px\" \/><\/p>\n<p>&nbsp;<\/p>\n<h3>Related Images:<\/h3>","protected":false},"excerpt":{"rendered":"<p>If you missed the performance of Micha\u0142 in a program &#8220;\u015awiat si\u0119 kr\u0119ci&#8221;, you can see it here:\u00a0ca\u0142ego dzisiejszego odcinka. You can hear &#8220;Real Hero&#8221; from around 37:20 min, enjoy. Stay alert because the Artist will be a guest in&#8230;<\/p>\n","protected":false},"author":13556,"featured_media":15618,"comment_status":"closed","ping_status":"closed","sticky":false,"template":"","format":"standard","meta":{"ngg_post_thumbnail":0,"footnotes":""},"categories":[617,681],"tags":[],"class_list":["post-20304","post","type-post","status-publish","format-standard","has-post-thumbnail","hentry","category-news","category-other"],"yoast_head":"<!-- This site is optimized with the Yoast SEO Premium plugin v21.0 (Yoast SEO v27.3) - https:\/\/yoast.com\/product\/yoast-seo-premium-wordpress\/ -->\n<title>A premiere of &quot;Real Hero&quot; in TVP - 15.05.2015 - Oficjalny Fan Club Micha\u0142a Szpaka<\/title>\n<meta name=\"robots\" content=\"index, follow, max-snippet:-1, max-image-preview:large, max-video-preview:-1\" \/>\n<link rel=\"canonical\" href=\"https:\/\/michalszpak.eu\/en\/2015\/05\/15\/a-premiere-of-real-hero-in-tvp\/\" \/>\n<meta property=\"og:locale\" content=\"en_US\" \/>\n<meta property=\"og:type\" content=\"article\" \/>\n<meta property=\"og:title\" content=\"A premiere of &quot;Real Hero&quot; in TVP - 15.05.2015\" \/>\n<meta property=\"og:description\" content=\"If you missed the performance of Micha\u0142 in a program &#8220;\u015awiat si\u0119 kr\u0119ci&#8221;, you can see it here:\u00a0ca\u0142ego dzisiejszego odcinka. You can hear &#8220;Real Hero&#8221; from around 37:20 min, enjoy. Stay alert because the Artist will be a guest in...\" \/>\n<meta property=\"og:url\" content=\"https:\/\/michalszpak.eu\/en\/2015\/05\/15\/a-premiere-of-real-hero-in-tvp\/\" \/>\n<meta property=\"og:site_name\" content=\"Oficjalny Fan Club Micha\u0142a Szpaka\" \/>\n<meta property=\"article:publisher\" content=\"https:\/\/www.facebook.com\/michalszpakorg\" \/>\n<meta property=\"article:published_time\" content=\"2015-05-15T21:05:11+00:00\" \/>\n<meta property=\"article:modified_time\" content=\"2018-05-14T19:34:29+00:00\" \/>\n<meta property=\"og:image\" content=\"https:\/\/michalszpak.eu\/wp-content\/uploads\/2015\/07\/News_Real-Hero-premierowo-w-TVP.png\" \/>\n\t<meta property=\"og:image:width\" content=\"390\" \/>\n\t<meta property=\"og:image:height\" content=\"390\" \/>\n\t<meta property=\"og:image:type\" content=\"image\/png\" \/>\n<meta name=\"author\" content=\"Gaba\" \/>\n<meta name=\"twitter:card\" content=\"summary_large_image\" \/>\n<meta name=\"twitter:label1\" content=\"Written by\" \/>\n\t<meta name=\"twitter:data1\" content=\"Gaba\" \/>\n<script type=\"application\/ld+json\" class=\"yoast-schema-graph\">{\"@context\":\"https:\\\/\\\/schema.org\",\"@graph\":[{\"@type\":\"Article\",\"@id\":\"https:\\\/\\\/michalszpak.eu\\\/en\\\/2015\\\/05\\\/15\\\/a-premiere-of-real-hero-in-tvp\\\/#article\",\"isPartOf\":{\"@id\":\"https:\\\/\\\/michalszpak.eu\\\/en\\\/2015\\\/05\\\/15\\\/a-premiere-of-real-hero-in-tvp\\\/\"},\"author\":{\"name\":\"Gaba\",\"@id\":\"https:\\\/\\\/michalszpak.eu\\\/en\\\/#\\\/schema\\\/person\\\/d388e906b1458ebd6360d823cf3ec290\"},\"headline\":\"A premiere of &#8220;Real Hero&#8221; in TVP &#8211; 15.05.2015\",\"datePublished\":\"2015-05-15T21:05:11+00:00\",\"dateModified\":\"2018-05-14T19:34:29+00:00\",\"mainEntityOfPage\":{\"@id\":\"https:\\\/\\\/michalszpak.eu\\\/en\\\/2015\\\/05\\\/15\\\/a-premiere-of-real-hero-in-tvp\\\/\"},\"wordCount\":72,\"image\":{\"@id\":\"https:\\\/\\\/michalszpak.eu\\\/en\\\/2015\\\/05\\\/15\\\/a-premiere-of-real-hero-in-tvp\\\/#primaryimage\"},\"thumbnailUrl\":\"https:\\\/\\\/michalszpak.eu\\\/wp-content\\\/uploads\\\/2015\\\/07\\\/News_Real-Hero-premierowo-w-TVP.png\",\"articleSection\":[\"News\",\"Other\"],\"inLanguage\":\"en-US\"},{\"@type\":\"WebPage\",\"@id\":\"https:\\\/\\\/michalszpak.eu\\\/en\\\/2015\\\/05\\\/15\\\/a-premiere-of-real-hero-in-tvp\\\/\",\"url\":\"https:\\\/\\\/michalszpak.eu\\\/en\\\/2015\\\/05\\\/15\\\/a-premiere-of-real-hero-in-tvp\\\/\",\"name\":\"A premiere of \\\"Real Hero\\\" in TVP - 15.05.2015 - Oficjalny Fan Club Micha\u0142a Szpaka\",\"isPartOf\":{\"@id\":\"https:\\\/\\\/michalszpak.eu\\\/en\\\/#website\"},\"primaryImageOfPage\":{\"@id\":\"https:\\\/\\\/michalszpak.eu\\\/en\\\/2015\\\/05\\\/15\\\/a-premiere-of-real-hero-in-tvp\\\/#primaryimage\"},\"image\":{\"@id\":\"https:\\\/\\\/michalszpak.eu\\\/en\\\/2015\\\/05\\\/15\\\/a-premiere-of-real-hero-in-tvp\\\/#primaryimage\"},\"thumbnailUrl\":\"https:\\\/\\\/michalszpak.eu\\\/wp-content\\\/uploads\\\/2015\\\/07\\\/News_Real-Hero-premierowo-w-TVP.png\",\"datePublished\":\"2015-05-15T21:05:11+00:00\",\"dateModified\":\"2018-05-14T19:34:29+00:00\",\"author\":{\"@id\":\"https:\\\/\\\/michalszpak.eu\\\/en\\\/#\\\/schema\\\/person\\\/d388e906b1458ebd6360d823cf3ec290\"},\"breadcrumb\":{\"@id\":\"https:\\\/\\\/michalszpak.eu\\\/en\\\/2015\\\/05\\\/15\\\/a-premiere-of-real-hero-in-tvp\\\/#breadcrumb\"},\"inLanguage\":\"en-US\",\"potentialAction\":[{\"@type\":\"ReadAction\",\"target\":[\"https:\\\/\\\/michalszpak.eu\\\/en\\\/2015\\\/05\\\/15\\\/a-premiere-of-real-hero-in-tvp\\\/\"]}]},{\"@type\":\"ImageObject\",\"inLanguage\":\"en-US\",\"@id\":\"https:\\\/\\\/michalszpak.eu\\\/en\\\/2015\\\/05\\\/15\\\/a-premiere-of-real-hero-in-tvp\\\/#primaryimage\",\"url\":\"https:\\\/\\\/michalszpak.eu\\\/wp-content\\\/uploads\\\/2015\\\/07\\\/News_Real-Hero-premierowo-w-TVP.png\",\"contentUrl\":\"https:\\\/\\\/michalszpak.eu\\\/wp-content\\\/uploads\\\/2015\\\/07\\\/News_Real-Hero-premierowo-w-TVP.png\",\"width\":390,\"height\":390},{\"@type\":\"BreadcrumbList\",\"@id\":\"https:\\\/\\\/michalszpak.eu\\\/en\\\/2015\\\/05\\\/15\\\/a-premiere-of-real-hero-in-tvp\\\/#breadcrumb\",\"itemListElement\":[{\"@type\":\"ListItem\",\"position\":1,\"name\":\"Home\",\"item\":\"https:\\\/\\\/michalszpak.eu\\\/en\\\/ms-2-2-2\\\/\"},{\"@type\":\"ListItem\",\"position\":2,\"name\":\"A premiere of &#8220;Real Hero&#8221; in TVP &#8211; 15.05.2015\"}]},{\"@type\":\"WebSite\",\"@id\":\"https:\\\/\\\/michalszpak.eu\\\/en\\\/#website\",\"url\":\"https:\\\/\\\/michalszpak.eu\\\/en\\\/\",\"name\":\"Oficjalny Fan Club Micha\u0142a Szpaka\",\"description\":\"Strona Stowarzyszenia Oficjalny Fan Club Micha\u0142a Szpaka\",\"potentialAction\":[{\"@type\":\"SearchAction\",\"target\":{\"@type\":\"EntryPoint\",\"urlTemplate\":\"https:\\\/\\\/michalszpak.eu\\\/en\\\/?s={search_term_string}\"},\"query-input\":{\"@type\":\"PropertyValueSpecification\",\"valueRequired\":true,\"valueName\":\"search_term_string\"}}],\"inLanguage\":\"en-US\"},{\"@type\":\"Person\",\"@id\":\"https:\\\/\\\/michalszpak.eu\\\/en\\\/#\\\/schema\\\/person\\\/d388e906b1458ebd6360d823cf3ec290\",\"name\":\"Gaba\",\"image\":{\"@type\":\"ImageObject\",\"inLanguage\":\"en-US\",\"@id\":\"https:\\\/\\\/secure.gravatar.com\\\/avatar\\\/8f4131f12b7d2c132ecc91d735eee55f6299d2b55f61a027e8558d68b373c326?s=96&d=mm&r=g\",\"url\":\"https:\\\/\\\/secure.gravatar.com\\\/avatar\\\/8f4131f12b7d2c132ecc91d735eee55f6299d2b55f61a027e8558d68b373c326?s=96&d=mm&r=g\",\"contentUrl\":\"https:\\\/\\\/secure.gravatar.com\\\/avatar\\\/8f4131f12b7d2c132ecc91d735eee55f6299d2b55f61a027e8558d68b373c326?s=96&d=mm&r=g\",\"caption\":\"Gaba\"},\"url\":\"https:\\\/\\\/michalszpak.eu\\\/en\\\/author\\\/s-gaba\\\/\"}]}<\/script>\n<!-- \/ Yoast SEO Premium plugin. -->","yoast_head_json":{"title":"A premiere of \"Real Hero\" in TVP - 15.05.2015 - Oficjalny Fan Club Micha\u0142a Szpaka","robots":{"index":"index","follow":"follow","max-snippet":"max-snippet:-1","max-image-preview":"max-image-preview:large","max-video-preview":"max-video-preview:-1"},"canonical":"https:\/\/michalszpak.eu\/en\/2015\/05\/15\/a-premiere-of-real-hero-in-tvp\/","og_locale":"en_US","og_type":"article","og_title":"A premiere of \"Real Hero\" in TVP - 15.05.2015","og_description":"If you missed the performance of Micha\u0142 in a program &#8220;\u015awiat si\u0119 kr\u0119ci&#8221;, you can see it here:\u00a0ca\u0142ego dzisiejszego odcinka. You can hear &#8220;Real Hero&#8221; from around 37:20 min, enjoy. Stay alert because the Artist will be a guest in...","og_url":"https:\/\/michalszpak.eu\/en\/2015\/05\/15\/a-premiere-of-real-hero-in-tvp\/","og_site_name":"Oficjalny Fan Club Micha\u0142a Szpaka","article_publisher":"https:\/\/www.facebook.com\/michalszpakorg","article_published_time":"2015-05-15T21:05:11+00:00","article_modified_time":"2018-05-14T19:34:29+00:00","og_image":[{"width":390,"height":390,"url":"https:\/\/michalszpak.eu\/wp-content\/uploads\/2015\/07\/News_Real-Hero-premierowo-w-TVP.png","type":"image\/png"}],"author":"Gaba","twitter_card":"summary_large_image","twitter_misc":{"Written by":"Gaba"},"schema":{"@context":"https:\/\/schema.org","@graph":[{"@type":"Article","@id":"https:\/\/michalszpak.eu\/en\/2015\/05\/15\/a-premiere-of-real-hero-in-tvp\/#article","isPartOf":{"@id":"https:\/\/michalszpak.eu\/en\/2015\/05\/15\/a-premiere-of-real-hero-in-tvp\/"},"author":{"name":"Gaba","@id":"https:\/\/michalszpak.eu\/en\/#\/schema\/person\/d388e906b1458ebd6360d823cf3ec290"},"headline":"A premiere of &#8220;Real Hero&#8221; in TVP &#8211; 15.05.2015","datePublished":"2015-05-15T21:05:11+00:00","dateModified":"2018-05-14T19:34:29+00:00","mainEntityOfPage":{"@id":"https:\/\/michalszpak.eu\/en\/2015\/05\/15\/a-premiere-of-real-hero-in-tvp\/"},"wordCount":72,"image":{"@id":"https:\/\/michalszpak.eu\/en\/2015\/05\/15\/a-premiere-of-real-hero-in-tvp\/#primaryimage"},"thumbnailUrl":"https:\/\/michalszpak.eu\/wp-content\/uploads\/2015\/07\/News_Real-Hero-premierowo-w-TVP.png","articleSection":["News","Other"],"inLanguage":"en-US"},{"@type":"WebPage","@id":"https:\/\/michalszpak.eu\/en\/2015\/05\/15\/a-premiere-of-real-hero-in-tvp\/","url":"https:\/\/michalszpak.eu\/en\/2015\/05\/15\/a-premiere-of-real-hero-in-tvp\/","name":"A premiere of \"Real Hero\" in TVP - 15.05.2015 - Oficjalny Fan Club Micha\u0142a Szpaka","isPartOf":{"@id":"https:\/\/michalszpak.eu\/en\/#website"},"primaryImageOfPage":{"@id":"https:\/\/michalszpak.eu\/en\/2015\/05\/15\/a-premiere-of-real-hero-in-tvp\/#primaryimage"},"image":{"@id":"https:\/\/michalszpak.eu\/en\/2015\/05\/15\/a-premiere-of-real-hero-in-tvp\/#primaryimage"},"thumbnailUrl":"https:\/\/michalszpak.eu\/wp-content\/uploads\/2015\/07\/News_Real-Hero-premierowo-w-TVP.png","datePublished":"2015-05-15T21:05:11+00:00","dateModified":"2018-05-14T19:34:29+00:00","author":{"@id":"https:\/\/michalszpak.eu\/en\/#\/schema\/person\/d388e906b1458ebd6360d823cf3ec290"},"breadcrumb":{"@id":"https:\/\/michalszpak.eu\/en\/2015\/05\/15\/a-premiere-of-real-hero-in-tvp\/#breadcrumb"},"inLanguage":"en-US","potentialAction":[{"@type":"ReadAction","target":["https:\/\/michalszpak.eu\/en\/2015\/05\/15\/a-premiere-of-real-hero-in-tvp\/"]}]},{"@type":"ImageObject","inLanguage":"en-US","@id":"https:\/\/michalszpak.eu\/en\/2015\/05\/15\/a-premiere-of-real-hero-in-tvp\/#primaryimage","url":"https:\/\/michalszpak.eu\/wp-content\/uploads\/2015\/07\/News_Real-Hero-premierowo-w-TVP.png","contentUrl":"https:\/\/michalszpak.eu\/wp-content\/uploads\/2015\/07\/News_Real-Hero-premierowo-w-TVP.png","width":390,"height":390},{"@type":"BreadcrumbList","@id":"https:\/\/michalszpak.eu\/en\/2015\/05\/15\/a-premiere-of-real-hero-in-tvp\/#breadcrumb","itemListElement":[{"@type":"ListItem","position":1,"name":"Home","item":"https:\/\/michalszpak.eu\/en\/ms-2-2-2\/"},{"@type":"ListItem","position":2,"name":"A premiere of &#8220;Real Hero&#8221; in TVP &#8211; 15.05.2015"}]},{"@type":"WebSite","@id":"https:\/\/michalszpak.eu\/en\/#website","url":"https:\/\/michalszpak.eu\/en\/","name":"Oficjalny Fan Club Micha\u0142a Szpaka","description":"Strona Stowarzyszenia Oficjalny Fan Club Micha\u0142a Szpaka","potentialAction":[{"@type":"SearchAction","target":{"@type":"EntryPoint","urlTemplate":"https:\/\/michalszpak.eu\/en\/?s={search_term_string}"},"query-input":{"@type":"PropertyValueSpecification","valueRequired":true,"valueName":"search_term_string"}}],"inLanguage":"en-US"},{"@type":"Person","@id":"https:\/\/michalszpak.eu\/en\/#\/schema\/person\/d388e906b1458ebd6360d823cf3ec290","name":"Gaba","image":{"@type":"ImageObject","inLanguage":"en-US","@id":"https:\/\/secure.gravatar.com\/avatar\/8f4131f12b7d2c132ecc91d735eee55f6299d2b55f61a027e8558d68b373c326?s=96&d=mm&r=g","url":"https:\/\/secure.gravatar.com\/avatar\/8f4131f12b7d2c132ecc91d735eee55f6299d2b55f61a027e8558d68b373c326?s=96&d=mm&r=g","contentUrl":"https:\/\/secure.gravatar.com\/avatar\/8f4131f12b7d2c132ecc91d735eee55f6299d2b55f61a027e8558d68b373c326?s=96&d=mm&r=g","caption":"Gaba"},"url":"https:\/\/michalszpak.eu\/en\/author\/s-gaba\/"}]}},"jetpack_featured_media_url":"https:\/\/michalszpak.eu\/wp-content\/uploads\/2015\/07\/News_Real-Hero-premierowo-w-TVP.png","_links":{"self":[{"href":"https:\/\/michalszpak.eu\/en\/wp-json\/wp\/v2\/posts\/20304","targetHints":{"allow":["GET"]}}],"collection":[{"href":"https:\/\/michalszpak.eu\/en\/wp-json\/wp\/v2\/posts"}],"about":[{"href":"https:\/\/michalszpak.eu\/en\/wp-json\/wp\/v2\/types\/post"}],"author":[{"embeddable":true,"href":"https:\/\/michalszpak.eu\/en\/wp-json\/wp\/v2\/users\/13556"}],"replies":[{"embeddable":true,"href":"https:\/\/michalszpak.eu\/en\/wp-json\/wp\/v2\/comments?post=20304"}],"version-history":[{"count":2,"href":"https:\/\/michalszpak.eu\/en\/wp-json\/wp\/v2\/posts\/20304\/revisions"}],"predecessor-version":[{"id":22614,"href":"https:\/\/michalszpak.eu\/en\/wp-json\/wp\/v2\/posts\/20304\/revisions\/22614"}],"wp:featuredmedia":[{"embeddable":true,"href":"https:\/\/michalszpak.eu\/en\/wp-json\/wp\/v2\/media\/15618"}],"wp:attachment":[{"href":"https:\/\/michalszpak.eu\/en\/wp-json\/wp\/v2\/media?parent=20304"}],"wp:term":[{"taxonomy":"category","embeddable":true,"href":"https:\/\/michalszpak.eu\/en\/wp-json\/wp\/v2\/categories?post=20304"},{"taxonomy":"post_tag","embeddable":true,"href":"https:\/\/michalszpak.eu\/en\/wp-json\/wp\/v2\/tags?post=20304"}],"curies":[{"name":"wp","href":"https:\/\/api.w.org\/{rel}","templated":true}]}}